{"id":60,"date":"2025-05-05T21:47:39","date_gmt":"2025-05-05T21:47:39","guid":{"rendered":"https:\/\/czechinfo.pl\/?p=60"},"modified":"2025-06-20T07:50:22","modified_gmt":"2025-06-20T07:50:22","slug":"2025-05-05-jak-szef-czeskiej-telewizji-zdenerwowal-kogo-mogl","status":"publish","type":"post","link":"https:\/\/czechinfo.pl\/index.php\/2025\/05\/05\/2025-05-05-jak-szef-czeskiej-telewizji-zdenerwowal-kogo-mogl\/","title":{"rendered":"2025.05.05 &#8211; Jak szef czeskiej telewizji zdenerwowa\u0142, kogo m\u00f3g\u0142"},"content":{"rendered":"\n<p>W tym odcinku \u201e5:59\u201d Kate\u0159ina \u0160afa\u0159\u00edkov\u00e1 wraz z go\u015bcini\u0105 Lucie Stuchl\u00edkov\u0105 (jedn\u0105 z autor\u00f3w Vlevo dole) analizuj\u0105 kryzysow\u0105 sytuacj\u0119 wok\u00f3\u0142 dyrektora generalnego Czeskiej Telewizji (\u010cT), Jana Sou\u010dka. Jego pozycja jest powa\u017cnie zagro\u017cona, a Rada Czeskiej Telewizji ma na nadzwyczajnym posiedzeniu (planowanym na wtorek) rozwa\u017ca\u0107 jego odwo\u0142anie, zaledwie p\u00f3\u0142tora roku po jego wyborze.<\/p>\n\n\n\n<figure class=\"wp-block-image size-large\"><img loading=\"lazy\" decoding=\"async\" width=\"1024\" height=\"576\" src=\"https:\/\/czechinfo.pl\/wp-content\/uploads\/2025\/05\/image-3-1024x576.png\" alt=\"\" class=\"wp-image-61\" srcset=\"https:\/\/czechinfo.pl\/wp-content\/uploads\/2025\/05\/image-3-1024x576.png 1024w, https:\/\/czechinfo.pl\/wp-content\/uploads\/2025\/05\/image-3-300x169.png 300w, https:\/\/czechinfo.pl\/wp-content\/uploads\/2025\/05\/image-3-768x432.png 768w, https:\/\/czechinfo.pl\/wp-content\/uploads\/2025\/05\/image-3-1536x864.png 1536w, https:\/\/czechinfo.pl\/wp-content\/uploads\/2025\/05\/image-3.png 1600w\" sizes=\"auto, (max-width: 1024px) 100vw, 1024px\" \/><\/figure>\n\n\n\n<p>Podcast omawia narastaj\u0105ce spory mi\u0119dzy Sou\u010dkiem a cz\u0119\u015bci\u0105 cz\u0142onk\u00f3w Rady. Dyrektorowi zarzuca si\u0119 mi\u0119dzy innymi przyznawanie nadmiernie wysokich odpraw, brak transparentno\u015bci (np. utajnianie tre\u015bci um\u00f3w) oraz liczne b\u0142\u0119dy komunikacyjne, m.in. w kontek\u015bcie debaty o podwy\u017cce op\u0142at abonamentowych. Wed\u0142ug Lucie Stuchl\u00edkovej, Sou\u010dek zdo\u0142a\u0142 zrazi\u0107 do siebie niemal wszystkie \u015brodowiska \u2013 Rad\u0119, cz\u0119\u015b\u0107 spo\u0142ecze\u0144stwa obywatelskiego oraz pracownik\u00f3w telewizji.<\/p>\n\n\n\n<p>Sou\u010dek odpiera krytyk\u0119 i twierdzi, \u017ce pad\u0142 ofiar\u0105 szanta\u017cu ze strony niekt\u00f3rych cz\u0142onk\u00f3w Rady (wymienia m.in. Pavla Matoch\u0119 i Lubom\u00edra Vesel\u00fd&#8217;ego). Mieli oni rzekomo domaga\u0107 si\u0119 od niego konkretnych dzia\u0142a\u0144 personalnych (np. zwolnienia znanego prezentera V\u00e1clava Moravca) oraz zaniechania przez \u010cT pr\u00f3b odzyskania odszkodowa\u0144 od cz\u0142onk\u00f3w Rady za bezprawne dzia\u0142ania z przesz\u0142o\u015bci. Wzmiankowani cz\u0142onkowie Rady zaprzeczaj\u0105 oskar\u017ceniom o szanta\u017c.<\/p>\n\n\n\n<p>Odcinek porusza r\u00f3wnie\u017c kwesti\u0119 niezale\u017cno\u015bci Rady \u010cT, sugeruj\u0105c, \u017ce sta\u0142a si\u0119 ona narz\u0119dziem wp\u0142ywu politycznego (zw\u0142aszcza ze strony ugrupowa\u0144 ANO i SPD). Dyskutowana jest obawa, \u017ce odwo\u0142anie dyrektora w roku wybor\u00f3w parlamentarnych mo\u017ce zdestabilizowa\u0107 telewizj\u0119 publiczn\u0105 i u\u0142atwi\u0107 jej przej\u0119cie przez krytyk\u00f3w, takich jak Andrej Babi\u0161 czy Tomio Okamura. Argumentami za pozostawieniem Sou\u010dka mog\u0105 by\u0107 niedawne uchwalenie podwy\u017cki abonamentu za jego kadencji oraz w\u0142a\u015bnie ryzyko destabilizacji \u010cT przed wyborami.<\/p>\n","protected":false},"excerpt":{"rendered":"<p>W tym odcinku \u201e5:59\u201d Kate\u0159ina \u0160afa\u0159\u00edkov\u00e1 wraz z go\u015bcini\u0105 Lucie Stuchl\u00edkov\u0105 (jedn\u0105 z autor\u00f3w Vlevo dole) analizuj\u0105 kryzysow\u0105 sytuacj\u0119 wok\u00f3\u0142 dyrektora generalnego Czeskiej Telewizji (\u010cT), Jana Sou\u010dka. Jego pozycja jest powa\u017cnie zagro\u017cona, a Rada Czeskiej Telewizji ma na nadzwyczajnym posiedzeniu (planowanym na wtorek) rozwa\u017ca\u0107 jego odwo\u0142anie, zaledwie p\u00f3\u0142tora roku po jego wyborze. Podcast omawia narastaj\u0105ce spory mi\u0119dzy Sou\u010dkiem a cz\u0119\u015bci\u0105 cz\u0142onk\u00f3w Rady. Dyrektorowi zarzuca si\u0119 mi\u0119dzy innymi przyznawanie nadmiernie wysokich odpraw, brak transparentno\u015bci (np. utajnianie&hellip; <\/p>\n","protected":false},"author":1,"featured_media":0,"comment_status":"closed","ping_status":"open","sticky":false,"template":"","format":"standard","meta":{"footnotes":""},"categories":[7,21,8],"tags":[],"class_list":["post-60","post","type-post","status-publish","format-standard","hentry","category-7","category-media","category-polityka-czechy"],"_links":{"self":[{"href":"https:\/\/czechinfo.pl\/index.php\/wp-json\/wp\/v2\/posts\/60","targetHints":{"allow":["GET"]}}],"collection":[{"href":"https:\/\/czechinfo.pl\/index.php\/wp-json\/wp\/v2\/posts"}],"about":[{"href":"https:\/\/czechinfo.pl\/index.php\/wp-json\/wp\/v2\/types\/post"}],"author":[{"embeddable":true,"href":"https:\/\/czechinfo.pl\/index.php\/wp-json\/wp\/v2\/users\/1"}],"replies":[{"embeddable":true,"href":"https:\/\/czechinfo.pl\/index.php\/wp-json\/wp\/v2\/comments?post=60"}],"version-history":[{"count":2,"href":"https:\/\/czechinfo.pl\/index.php\/wp-json\/wp\/v2\/posts\/60\/revisions"}],"predecessor-version":[{"id":63,"href":"https:\/\/czechinfo.pl\/index.php\/wp-json\/wp\/v2\/posts\/60\/revisions\/63"}],"wp:attachment":[{"href":"https:\/\/czechinfo.pl\/index.php\/wp-json\/wp\/v2\/media?parent=60"}],"wp:term":[{"taxonomy":"category","embeddable":true,"href":"https:\/\/czechinfo.pl\/index.php\/wp-json\/wp\/v2\/categories?post=60"},{"taxonomy":"post_tag","embeddable":true,"href":"https:\/\/czechinfo.pl\/index.php\/wp-json\/wp\/v2\/tags?post=60"}],"curies":[{"name":"wp","href":"https:\/\/api.w.org\/{rel}","templated":true}]}}