{"id":263,"date":"2025-07-07T20:50:42","date_gmt":"2025-07-07T20:50:42","guid":{"rendered":"https:\/\/czechinfo.pl\/?p=263"},"modified":"2025-07-07T20:50:42","modified_gmt":"2025-07-07T20:50:42","slug":"2025-07-07-zapiski-z-ukrainy-upal-drony-i-psie-stada","status":"publish","type":"post","link":"https:\/\/czechinfo.pl\/index.php\/2025\/07\/07\/2025-07-07-zapiski-z-ukrainy-upal-drony-i-psie-stada\/","title":{"rendered":"2025.07.07 &#8211; Zapiski z Ukrainy: upa\u0142, drony i psie stada"},"content":{"rendered":"\n<p>W najnowszym odcinku podcastu &#8222;Vinohradsk\u00e1 12&#8221;, korespondent Czeskiego Radia w Ukrainie, Martin Doraz\u00edn, zabiera s\u0142uchaczy w podr\u00f3\u017c na wschodnie rubie\u017ce kraju, do obwod\u00f3w charkowskiego i donieckiego. Jego reporta\u017c to poruszaj\u0105cy obraz codziennego \u017cycia w cieniu nieustaj\u0105cej wojny, gdzie najwi\u0119kszymi wyzwaniami sta\u0142y si\u0119 nie tylko rosyjskie ataki, ale tak\u017ce ekstremalne upa\u0142y i nowa, wszechobecna gro\u017aba \u2013 drony. To opowie\u015b\u0107 o przetrwaniu, ludzkiej niez\u0142omno\u015bci i cichych bohaterach dzia\u0142aj\u0105cych w miejscach, o kt\u00f3rych \u015bwiat zdaje si\u0119 zapomina\u0107.<\/p>\n\n\n\n<figure class=\"wp-block-image size-full\"><img loading=\"lazy\" decoding=\"async\" width=\"688\" height=\"387\" src=\"https:\/\/czechinfo.pl\/wp-content\/uploads\/2025\/07\/image-8.png\" alt=\"\" class=\"wp-image-264\" srcset=\"https:\/\/czechinfo.pl\/wp-content\/uploads\/2025\/07\/image-8.png 688w, https:\/\/czechinfo.pl\/wp-content\/uploads\/2025\/07\/image-8-300x169.png 300w\" sizes=\"auto, (max-width: 688px) 100vw, 688px\" \/><\/figure>\n\n\n\n<p>Doraz\u00edn opisuje swoje podr\u00f3\u017ce z przyjacielem, Olegiem Tkaczenk\u0105 \u2013 pastorem i piekarzem, kt\u00f3ry jednocze\u015bnie pe\u0142ni funkcj\u0119 kapelana wojskowego. Razem docieraj\u0105 do najniebezpieczniejszych stref w pobli\u017cu linii frontu, takich jak okolice Czasiw Jaru czy Tore\u0107ka, sk\u0105d ewakuuj\u0105 starszych, cz\u0119sto zdezorientowanych i przera\u017conych mieszka\u0144c\u00f3w. W miejsca te nie zapuszczaj\u0105 si\u0119 ju\u017c du\u017ce organizacje humanitarne, a porusza\u0107 si\u0119 tam mog\u0105 jedynie wojskowi. Oleg, dzi\u0119ki swojej podw\u00f3jnej roli, potrafi zorganizowa\u0107 transport i dostarczy\u0107 pomoc, g\u0142\u00f3wnie w postaci chleba, kt\u00f3ry sam piecze. Jest to produkt niezwykle cenny, gdy\u017c w odci\u0119tych od \u015bwiata wioskach, gdzie kierowcy boj\u0105 si\u0119 doje\u017cd\u017ca\u0107 z zaopatrzeniem, ludzie potrafi\u0105 nie widzie\u0107 pieczywa przez wiele tygodni.<\/p>\n\n\n\n<p>\u017bycie codzienne toczy si\u0119 w rytmie podw\u00f3jnego zagro\u017cenia. Z jednej strony jest to nieustaj\u0105cy ostrza\u0142 i nowe, \u015bmiertelne niebezpiecze\u0144stwo w postaci rosyjskich dron\u00f3w FPV, kt\u00f3re poluj\u0105 na ka\u017cdy poruszaj\u0105cy si\u0119 pojazd na drogach. Martin Doraz\u00edn opisuje, jak w odpowiedzi na to zagro\u017cenie, Ukrai\u0144cy, id\u0105c w \u015blady Rosjan, zacz\u0119li budowa\u0107 nad kluczowymi trasami gigantyczne &#8222;tunele&#8221; z siatek. Ta prosta, mechaniczna zapora ma za zadanie przechwytywa\u0107 drony kamikadze, zanim te uderz\u0105 w cel. Brakuje jednak materia\u0142u, a wolontariusze, tacy jak Oleg, poszukuj\u0105 go nawet w Holandii, pr\u00f3buj\u0105c sprowadzi\u0107 na front zu\u017cyte sieci rybackie.<\/p>\n\n\n\n<p>Drugim wrogiem jest natura \u2013 panuj\u0105ca w regionie fala upa\u0142\u00f3w. Cho\u0107 mieszka\u0144cy wsi s\u0105 przyzwyczajeni do gor\u0105cego, kontynentalnego lata i potrafi\u0105 chroni\u0107 si\u0119 w cieniu przydomowych winoro\u015bli, to dla \u017co\u0142nierzy na otwartym terenie upa\u0142 i odwodnienie stanowi\u0105 \u015bmiertelne zagro\u017cenie. Jak podkre\u015bla korespondent, brakuje im tabletek z minera\u0142ami, kt\u00f3re s\u0105 niezb\u0119dne do przetrwania w polowych warunkach. W miastach sytuacja jest trudniejsza, a mieszka\u0144cy s\u0105 zdani na klimatyzacj\u0119. Co zaskakuj\u0105ce, ukrai\u0144skie w\u0142adze staraj\u0105 si\u0119 priorytetowo traktowa\u0107 dostawy pr\u0105du na wsch\u00f3d, dzi\u0119ki czemu przerwy w dostawie energii s\u0105 tam rzadsze ni\u017c w innych cz\u0119\u015bciach kraju.<\/p>\n\n\n\n<p>Podcast maluje r\u00f3wnie\u017c obraz niezwyk\u0142ej odporno\u015bci i woli przetrwania Ukrai\u0144c\u00f3w. Miasta takie jak S\u0142owia\u0144sk, kt\u00f3re na pocz\u0105tku pe\u0142noskalowej inwazji by\u0142y wyludnione, dzi\u015b paradoksalnie t\u0119tni\u0105 \u017cyciem. Wracaj\u0105 do nich starsi mieszka\u0144cy, pragn\u0105cy do\u017cy\u0107 swoich dni we w\u0142asnych domach, a tak\u017ce nap\u0142ywaj\u0105 uchod\u017acy wewn\u0119trzni z jeszcze bardziej niebezpiecznych teren\u00f3w. Ludzie na w\u0142asn\u0105 r\u0119k\u0119, cz\u0119sto z pomoc\u0105 organizacji pozarz\u0105dowych jak czeski &#8222;<a href=\"https:\/\/www.clovekvtisni.cz\/\" data-type=\"link\" data-id=\"https:\/\/www.clovekvtisni.cz\/\">\u010clov\u011bk v t\u00edsni<\/a>&#8222;, remontuj\u0105 zniszczone domy i pr\u00f3buj\u0105 normalnie pracowa\u0107, by nie by\u0107 zdanym na niewystarczaj\u0105c\u0105 pomoc pa\u0144stwa. Cichymi ofiarami wojny s\u0105 r\u00f3wnie\u017c zwierz\u0119ta. W opustosza\u0142ych wsiach tworz\u0105 si\u0119 stada bezdomnych ps\u00f3w i kot\u00f3w, kt\u00f3rymi opiekuj\u0105 si\u0119 nieliczni pozostali mieszka\u0144cy. Schroniska s\u0105 przepe\u0142nione, a nowe przepisy unijne utrudniaj\u0105 wyw\u00f3z zwierz\u0105t za granic\u0119.<\/p>\n\n\n\n<p>Na koniec Martin Doraz\u00edn dzieli si\u0119 gorzk\u0105 refleksj\u0105 na temat nastroj\u00f3w spo\u0142ecznych. W\u015br\u00f3d ludzi, z kt\u00f3rymi rozmawia\u0142, panuje ca\u0142kowity brak wiary w mo\u017cliwo\u015b\u0107 zawieszenia broni, o kt\u00f3rym tak cz\u0119sto m\u00f3wi Donald Trump. Jego chaotyczne i sprzeczne wypowiedzi sprawiaj\u0105, \u017ce nikt nie traktuje go powa\u017cnie jako wiarygodnego mediatora. Ukrai\u0144cy widz\u0105 nieustaj\u0105ce ataki Rosji na cele cywilne i rozumiej\u0105, \u017ce W\u0142adimir Putin nie ma zamiaru rezygnowa\u0107 ze swoich cel\u00f3w. W ich oczach Stany Zjednoczone, zamiast by\u0107 niezawodnym sojusznikiem, staj\u0105 si\u0119 coraz bardziej nieprzewidywalne, co tylko pog\u0142\u0119bia poczucie osamotnienia w tej nieko\u0144cz\u0105cej si\u0119 walce<\/p>\n","protected":false},"excerpt":{"rendered":"<p>W najnowszym odcinku podcastu &#8222;Vinohradsk\u00e1 12&#8221;, korespondent Czeskiego Radia w Ukrainie, Martin Doraz\u00edn, zabiera s\u0142uchaczy w podr\u00f3\u017c na wschodnie rubie\u017ce kraju, do obwod\u00f3w charkowskiego i donieckiego. Jego reporta\u017c to poruszaj\u0105cy obraz codziennego \u017cycia w cieniu nieustaj\u0105cej wojny, gdzie najwi\u0119kszymi wyzwaniami sta\u0142y si\u0119 nie tylko rosyjskie ataki, ale tak\u017ce ekstremalne upa\u0142y i nowa, wszechobecna gro\u017aba \u2013 drony. To opowie\u015b\u0107 o przetrwaniu, ludzkiej niez\u0142omno\u015bci i cichych bohaterach dzia\u0142aj\u0105cych w miejscach, o kt\u00f3rych \u015bwiat zdaje si\u0119 zapomina\u0107. Doraz\u00edn&hellip; <\/p>\n","protected":false},"author":1,"featured_media":0,"comment_status":"closed","ping_status":"open","sticky":false,"template":"","format":"standard","meta":{"footnotes":""},"categories":[18,5],"tags":[],"class_list":["post-263","post","type-post","status-publish","format-standard","hentry","category-konflikt-na-ukrainie","category-vinohradska-12"],"_links":{"self":[{"href":"https:\/\/czechinfo.pl\/index.php\/wp-json\/wp\/v2\/posts\/263","targetHints":{"allow":["GET"]}}],"collection":[{"href":"https:\/\/czechinfo.pl\/index.php\/wp-json\/wp\/v2\/posts"}],"about":[{"href":"https:\/\/czechinfo.pl\/index.php\/wp-json\/wp\/v2\/types\/post"}],"author":[{"embeddable":true,"href":"https:\/\/czechinfo.pl\/index.php\/wp-json\/wp\/v2\/users\/1"}],"replies":[{"embeddable":true,"href":"https:\/\/czechinfo.pl\/index.php\/wp-json\/wp\/v2\/comments?post=263"}],"version-history":[{"count":1,"href":"https:\/\/czechinfo.pl\/index.php\/wp-json\/wp\/v2\/posts\/263\/revisions"}],"predecessor-version":[{"id":265,"href":"https:\/\/czechinfo.pl\/index.php\/wp-json\/wp\/v2\/posts\/263\/revisions\/265"}],"wp:attachment":[{"href":"https:\/\/czechinfo.pl\/index.php\/wp-json\/wp\/v2\/media?parent=263"}],"wp:term":[{"taxonomy":"category","embeddable":true,"href":"https:\/\/czechinfo.pl\/index.php\/wp-json\/wp\/v2\/categories?post=263"},{"taxonomy":"post_tag","embeddable":true,"href":"https:\/\/czechinfo.pl\/index.php\/wp-json\/wp\/v2\/tags?post=263"}],"curies":[{"name":"wp","href":"https:\/\/api.w.org\/{rel}","templated":true}]}}