{"id":158,"date":"2025-06-06T13:31:53","date_gmt":"2025-06-06T13:31:53","guid":{"rendered":"https:\/\/czechinfo.pl\/?p=158"},"modified":"2025-06-06T13:31:53","modified_gmt":"2025-06-06T13:31:53","slug":"2025-06-06-fiala-mial-plan-jak-przetrwac-blazka-zawiodl","status":"publish","type":"post","link":"https:\/\/czechinfo.pl\/index.php\/2025\/06\/06\/2025-06-06-fiala-mial-plan-jak-przetrwac-blazka-zawiodl\/","title":{"rendered":"2025.06.06 &#8211; Fiala mia\u0142 plan, jak przetrwa\u0107 Bla\u017eka. Zawi\u00f3d\u0142."},"content":{"rendered":"\n<p>W najnowszym odcinku podcastu &#8222;Vlevo dole&#8221;, Lucie Stuchl\u00edkov\u00e1 i V\u00e1clav Dolej\u0161\u00ed opisuj\u0105 kulisy nadzwyczajnego posiedzenia czeskiej Izby Poselskiej, po\u015bwi\u0119conego &#8222;aferze bitcoinowej&#8221;, kt\u00f3ra doprowadzi\u0142a do dymisji ministra sprawiedliwo\u015bci Pavla Bla\u017eka.<\/p>\n\n\n\n<figure class=\"wp-block-image size-full\"><img loading=\"lazy\" decoding=\"async\" width=\"1024\" height=\"683\" src=\"https:\/\/czechinfo.pl\/wp-content\/uploads\/2025\/06\/image-5.png\" alt=\"\" class=\"wp-image-159\" srcset=\"https:\/\/czechinfo.pl\/wp-content\/uploads\/2025\/06\/image-5.png 1024w, https:\/\/czechinfo.pl\/wp-content\/uploads\/2025\/06\/image-5-300x200.png 300w, https:\/\/czechinfo.pl\/wp-content\/uploads\/2025\/06\/image-5-768x512.png 768w\" sizes=\"auto, (max-width: 1024px) 100vw, 1024px\" \/><\/figure>\n\n\n\n<p>Koalicja rz\u0105dz\u0105ca, aby przetrwa\u0107 polityczn\u0105 burz\u0119, przyj\u0119\u0142a trzypunktow\u0105 taktyk\u0119: po pierwsze, &#8222;schowa\u0107&#8221; Pavla Bla\u017eka przed opini\u0105 publiczn\u0105; po drugie, spr\u00f3bowa\u0107 obwini\u0107 za problem kogo\u015b innego; i po trzecie, skupi\u0107 atak na liderze opozycji, Andreju Babi\u0161u.<\/p>\n\n\n\n<p>Jak relacjonuj\u0105 prowadz\u0105cy, plan ten niemal natychmiast si\u0119 za\u0142ama\u0142. Pierwszy i najwa\u017cniejszy punkt \u2013 ukrycie ministra Bla\u017eka \u2013 przetrwa\u0142 zaledwie kilka godzin. Cho\u0107 pocz\u0105tkowo zapowiedzia\u0142 on, \u017ce nie wyst\u0105pi podczas debaty, ostatecznie zmieni\u0142 zdanie. Jego niezdecydowanie i uniki rozgniewa\u0142y nie tylko opozycj\u0119, ale r\u00f3wnie\u017c koalicyjnych partner\u00f3w i cz\u0119\u015b\u0107 w\u0142asnej partii (ODS), kt\u00f3rzy czuli, \u017ce minister z nich kpi, podczas gdy oni musz\u0105 go broni\u0107 i przyjmowa\u0107 na siebie krytyk\u0119.<\/p>\n\n\n\n<p>Ostatecznie Pavel Bla\u017eek pojawi\u0142 si\u0119 na m\u00f3wnicy. Za kulisami wci\u0105\u017c demonstrowa\u0142 swoj\u0105 typow\u0105, nonszalanck\u0105 pewno\u015b\u0107 siebie, \u017cartuj\u0105c, \u017ce &#8222;skoro Izba Poselska tak za nim t\u0119skni, to j\u0105 dostanie&#8221;. Jednak podczas samego wyst\u0105pienia by\u0142o wida\u0107, \u017ce jest to dla niego trudny moment. Co zaskakuj\u0105ce, jego przem\u00f3wienie, w kt\u00f3rym wykaza\u0142 si\u0119 pewn\u0105 doz\u0105 autorefleksji, wzbudzi\u0142o nawet wsp\u00f3\u0142czucie u cz\u0119\u015bci pos\u0142\u00f3w \u2013 podzi\u0119kowania za prac\u0119 nad niekt\u00f3rymi ustawami otrzyma\u0142 zar\u00f3wno od pos\u0142anki opozycyjnego ANO, jak i od przedstawicielki koalicyjnego ugrupowania STAN.<\/p>\n\n\n\n<p>Poza tym jednym momentem, debata przebieg\u0142a zgodnie z przewidywaniami. Bla\u017eek nie przedstawi\u0142 \u017cadnych nowych argument\u00f3w w swojej obronie, a reszta posiedzenia zamieni\u0142a si\u0119 we wzajemne przerzucanie si\u0119 oskar\u017ceniami o to, kto jest &#8222;wi\u0119kszym \u0142ap\u00f3wkarzem&#8221;, oraz w spekulacje, czy za ca\u0142\u0105 afer\u0105 nie stoj\u0105 przypadkiem urz\u0119dnicy lub tajne s\u0142u\u017cby.<\/p>\n","protected":false},"excerpt":{"rendered":"<p>W najnowszym odcinku podcastu &#8222;Vlevo dole&#8221;, Lucie Stuchl\u00edkov\u00e1 i V\u00e1clav Dolej\u0161\u00ed opisuj\u0105 kulisy nadzwyczajnego posiedzenia czeskiej Izby Poselskiej, po\u015bwi\u0119conego &#8222;aferze bitcoinowej&#8221;, kt\u00f3ra doprowadzi\u0142a do dymisji ministra sprawiedliwo\u015bci Pavla Bla\u017eka. Koalicja rz\u0105dz\u0105ca, aby przetrwa\u0107 polityczn\u0105 burz\u0119, przyj\u0119\u0142a trzypunktow\u0105 taktyk\u0119: po pierwsze, &#8222;schowa\u0107&#8221; Pavla Bla\u017eka przed opini\u0105 publiczn\u0105; po drugie, spr\u00f3bowa\u0107 obwini\u0107 za problem kogo\u015b innego; i po trzecie, skupi\u0107 atak na liderze opozycji, Andreju Babi\u0161u. Jak relacjonuj\u0105 prowadz\u0105cy, plan ten niemal natychmiast si\u0119 za\u0142ama\u0142. Pierwszy i&hellip; <\/p>\n","protected":false},"author":1,"featured_media":0,"comment_status":"closed","ping_status":"open","sticky":false,"template":"","format":"standard","meta":{"footnotes":""},"categories":[8,11],"tags":[],"class_list":["post-158","post","type-post","status-publish","format-standard","hentry","category-polityka-czechy","category-vlevo-dole"],"_links":{"self":[{"href":"https:\/\/czechinfo.pl\/index.php\/wp-json\/wp\/v2\/posts\/158","targetHints":{"allow":["GET"]}}],"collection":[{"href":"https:\/\/czechinfo.pl\/index.php\/wp-json\/wp\/v2\/posts"}],"about":[{"href":"https:\/\/czechinfo.pl\/index.php\/wp-json\/wp\/v2\/types\/post"}],"author":[{"embeddable":true,"href":"https:\/\/czechinfo.pl\/index.php\/wp-json\/wp\/v2\/users\/1"}],"replies":[{"embeddable":true,"href":"https:\/\/czechinfo.pl\/index.php\/wp-json\/wp\/v2\/comments?post=158"}],"version-history":[{"count":1,"href":"https:\/\/czechinfo.pl\/index.php\/wp-json\/wp\/v2\/posts\/158\/revisions"}],"predecessor-version":[{"id":160,"href":"https:\/\/czechinfo.pl\/index.php\/wp-json\/wp\/v2\/posts\/158\/revisions\/160"}],"wp:attachment":[{"href":"https:\/\/czechinfo.pl\/index.php\/wp-json\/wp\/v2\/media?parent=158"}],"wp:term":[{"taxonomy":"category","embeddable":true,"href":"https:\/\/czechinfo.pl\/index.php\/wp-json\/wp\/v2\/categories?post=158"},{"taxonomy":"post_tag","embeddable":true,"href":"https:\/\/czechinfo.pl\/index.php\/wp-json\/wp\/v2\/tags?post=158"}],"curies":[{"name":"wp","href":"https:\/\/api.w.org\/{rel}","templated":true}]}}